{"id":4477,"date":"2021-11-15T11:14:22","date_gmt":"2021-11-15T11:14:22","guid":{"rendered":"https:\/\/www.sigeurope.fr\/?p=4477"},"modified":"2022-05-23T16:25:29","modified_gmt":"2022-05-23T14:25:29","slug":"sig-se-mobilise-pour-la-25eme-edition-de-la-seeph","status":"publish","type":"post","link":"https:\/\/www.sigeurope.fr\/en\/sig-se-mobilise-pour-la-25eme-edition-de-la-seeph\/","title":{"rendered":"SIG mobilises for the 25th edition of the SEEPH"},"content":{"rendered":"<p>\ud83c\udf31 [25\u00e8me \u00e9dition de la #SEEPH2021]<\/p>\n<p>Cette semaine, SIG se mobilise une nouvelle fois pour la <strong>Semaine Europ\u00e9enne pour l\u2019Emploi des Personnes Handicap\u00e9es<\/strong>. \ud83d\ude80<\/p>\n<p>Au-del\u00e0 du fait de leur permettre un retour p\u00e9renne en entreprise, cette semaine vise \u00e0 faire tomber les barri\u00e8res et les pr\u00e9jug\u00e9s sur les travailleurs en situation de handicap.<\/p>\n<p>Nous profitons de cette mobilisation pour vous informer que SIG s\u2019est inscrite comme <span style=\"color: #9dcbee;\"><a style=\"color: #9dcbee;\" href=\"https:\/\/www.activateurdeprogres.fr\/company\/3045\" rel=\"nofollow noopener\" target=\"_blank\">#activateurdeprogr\u00e8s<\/a><\/span>.<br \/>\nA travers cette d\u00e9marche, nous marquons plus fortement notre engagement \u00e0 agir en faveur de l\u2019insertion des personnes en situation de handicap dans l\u2019emploi.<br \/>\n\ud83d\udc49 <span style=\"color: #99ccff;\"><a style=\"color: #99ccff;\" href=\"https:\/\/www.activateurdeprogres.fr\/article\/ensemble-partageons-les-valeurs-de-progres\" rel=\"nofollow noopener\" target=\"_blank\">Consultez l\u2019int\u00e9gralit\u00e9 des valeurs \u00ab Activateur de progr\u00e8s \u00bb<\/a><\/span><\/p>\n<p>Nous sommes convaincus que les personnes handicap\u00e9es, gr\u00e2ce \u00e0 leurs comp\u00e9tences et \u00e0 leurs diff\u00e9rences, contribuent au progr\u00e8s de l\u2019entreprise et de la soci\u00e9t\u00e9.<\/p>\n<p>Ensemble, mobilisons-nous pour aider \u00e0 faire bouger certaines lignes : nous pouvons tous devenir les acteurs d\u2019une soci\u00e9t\u00e9 plus inclusive !<\/p>\n<p>#ActivateurDeProgres #SEEPH2021<\/p>\n<p><code><iframe title=\"Post int\u00e9gr\u00e9\" src=\"https:\/\/www.linkedin.com\/embed\/feed\/update\/urn:li:ugcPost:6867035329493258240\" width=\"504\" height=\"789\" frameborder=\"0\" allowfullscreen=\"allowfullscreen\"><\/iframe><\/code><\/p>\n","protected":false},"excerpt":{"rendered":"<p>\ud83c\udf31 [25\u00e8me \u00e9dition de la #SEEPH2021] Cette semaine, SIG se [&hellip;]<\/p>\n","protected":false},"author":3,"featured_media":4478,"comment_status":"open","ping_status":"open","sticky":false,"template":"","format":"standard","meta":{"two_page_speed":[],"footnotes":""},"categories":[1,33],"tags":[],"class_list":["post-4477","post","type-post","status-publish","format-standard","has-post-thumbnail","hentry","category-emploi","category-rse"],"_links":{"self":[{"href":"https:\/\/www.sigeurope.fr\/en\/wp-json\/wp\/v2\/posts\/4477","targetHints":{"allow":["GET"]}}],"collection":[{"href":"https:\/\/www.sigeurope.fr\/en\/wp-json\/wp\/v2\/posts"}],"about":[{"href":"https:\/\/www.sigeurope.fr\/en\/wp-json\/wp\/v2\/types\/post"}],"author":[{"embeddable":true,"href":"https:\/\/www.sigeurope.fr\/en\/wp-json\/wp\/v2\/users\/3"}],"replies":[{"embeddable":true,"href":"https:\/\/www.sigeurope.fr\/en\/wp-json\/wp\/v2\/comments?post=4477"}],"version-history":[{"count":7,"href":"https:\/\/www.sigeurope.fr\/en\/wp-json\/wp\/v2\/posts\/4477\/revisions"}],"predecessor-version":[{"id":4501,"href":"https:\/\/www.sigeurope.fr\/en\/wp-json\/wp\/v2\/posts\/4477\/revisions\/4501"}],"wp:featuredmedia":[{"embeddable":true,"href":"https:\/\/www.sigeurope.fr\/en\/wp-json\/wp\/v2\/media\/4478"}],"wp:attachment":[{"href":"https:\/\/www.sigeurope.fr\/en\/wp-json\/wp\/v2\/media?parent=4477"}],"wp:term":[{"taxonomy":"category","embeddable":true,"href":"https:\/\/www.sigeurope.fr\/en\/wp-json\/wp\/v2\/categories?post=4477"},{"taxonomy":"post_tag","embeddable":true,"href":"https:\/\/www.sigeurope.fr\/en\/wp-json\/wp\/v2\/tags?post=4477"}],"curies":[{"name":"wp","href":"https:\/\/api.w.org\/{rel}","templated":true}]}}