{"id":4383,"date":"2021-10-14T09:15:08","date_gmt":"2021-10-14T09:15:08","guid":{"rendered":"https:\/\/www.sigeurope.fr\/?p=4383"},"modified":"2022-05-20T16:32:12","modified_gmt":"2022-05-20T14:32:12","slug":"les-consommateurs-ont-redefini-leurs-priorites","status":"publish","type":"post","link":"https:\/\/www.sigeurope.fr\/en\/les-consommateurs-ont-redefini-leurs-priorites\/","title":{"rendered":"Post-Covid: consumers have redefined their priorities"},"content":{"rendered":"<p>Red\u00e9finir ses priorit\u00e9s, revoir ses attentes, mieux s&rsquo;aligner\u00a0avec ses valeurs&#8230;La crise sanitaire a eu un r\u00e9el impact sur notre fa\u00e7on de consid\u00e9rer notre rapport \u00e0 l&rsquo;autre et au monde.<br \/>\nElle a r\u00e9v\u00e9l\u00e9 qu\u2019il est possible d\u2019adopter, \u00e0 grande \u00e9chelle, des comportements plus responsables sur le plan environnemental et social. Elle a aussi modifi\u00e9 notre mani\u00e8re de consommer : nos attitudes, nos comportements et nos habitudes d\u2019achat\u00a0 ont chang\u00e9.<br \/>\nLes clients \u00e9voluent, de plus en plus autonomes dans un parcours d&rsquo;achat devenu omnicanal. C&rsquo;est la raison pour laquelle il est essentiel de s&rsquo;int\u00e9resser aux <strong>nouveaux profils de consommateurs<\/strong> qui ont \u00e9merg\u00e9 et \u00e0 leurs priorit\u00e9s.<\/p>\n<p>Pour mieux comprendre le shopper et l&rsquo;accompagner dans son acte d&rsquo;achat, l&rsquo;\u00e9coute\u00a0active et l&rsquo;activation\u00a0des leviers psychologiques sont essentiels pour mieux cerner ses motivations\u00a0et ses pr\u00e9occupations.<br \/>\nLes fondamentaux des techniques de vente (Pyramide de Maslow, SONCASE, CAP, SAC, COINS, etc.) sont des outils incontournables utilis\u00e9s par le vendeur. Ils lui permettent de mieux g\u00e9rer son <strong>argumentaire commercial<\/strong> et d&rsquo;adapter son discours pour <strong>convaincre, fid\u00e9liser et booster les ventes<\/strong> de son produit ou service.<br \/>\nMais faire appel \u00e0 ces m\u00e9thodes de vente peut s&rsquo;av\u00e9rer inefficace sans\u00a0une <strong><span style=\"color: #78bcea;\"><a style=\"color: #78bcea;\" href=\"https:\/\/www.sigeurope.fr\/expertises\/\">formation<\/a><\/span> compl\u00e8te des \u00e9quipes commerciales<\/strong>.\u00a0C&rsquo;est la\u00a0raison pour laquelle\u00a0notre \u00e9cole de vente &#8211; la <strong>SIG Academy<\/strong> &#8211; int\u00e8gre des modules de formation et de mont\u00e9e en comp\u00e9tences de nos \u00e9quipes. Totalement personnalis\u00e9s, ces parcours leur permettent d&rsquo;am\u00e9liorer leur connaissance du client et leur efficacit\u00e9 commerciale !<\/p>\n<blockquote>\n<h6>\ud83d\udc49\ud83d\udcf0 <span style=\"color: #0080f0;\">N<strong>ous vous invitons \u00e0 lire cet article tr\u00e8s int\u00e9ressant de relationclientmag.fr <a style=\"color: #0080f0;\" href=\"https:\/\/www.relationclientmag.fr\/Thematique\/strategies-1255\/veille-internationale-2140\/Breves\/Etude-Post-Covid-comportements-achats-consommateurs-evoluent-365458\/amp.htm\" rel=\"nofollow noopener\" target=\"_blank\">\u00a0[Etude] Post-Covid : les comportements d&rsquo;achats des consommateurs \u00e9voluent<\/a><\/strong><\/span><\/h6>\n<\/blockquote>\n<p>#formation #sigtraining #sigacademy #techniquesdevente #commercial #performance #ROI<\/p>\n","protected":false},"excerpt":{"rendered":"<p>Red\u00e9finir ses priorit\u00e9s, revoir ses attentes, mieux s&rsquo;aligner\u00a0avec ses valeurs&#8230;La [&hellip;]<\/p>\n","protected":false},"author":3,"featured_media":4388,"comment_status":"open","ping_status":"open","sticky":false,"template":"","format":"standard","meta":{"two_page_speed":[],"footnotes":""},"categories":[39,31,35],"tags":[],"class_list":["post-4383","post","type-post","status-publish","format-standard","has-post-thumbnail","hentry","category-actus-du-marche","category-expertises","category-metiers"],"_links":{"self":[{"href":"https:\/\/www.sigeurope.fr\/en\/wp-json\/wp\/v2\/posts\/4383","targetHints":{"allow":["GET"]}}],"collection":[{"href":"https:\/\/www.sigeurope.fr\/en\/wp-json\/wp\/v2\/posts"}],"about":[{"href":"https:\/\/www.sigeurope.fr\/en\/wp-json\/wp\/v2\/types\/post"}],"author":[{"embeddable":true,"href":"https:\/\/www.sigeurope.fr\/en\/wp-json\/wp\/v2\/users\/3"}],"replies":[{"embeddable":true,"href":"https:\/\/www.sigeurope.fr\/en\/wp-json\/wp\/v2\/comments?post=4383"}],"version-history":[{"count":21,"href":"https:\/\/www.sigeurope.fr\/en\/wp-json\/wp\/v2\/posts\/4383\/revisions"}],"predecessor-version":[{"id":4397,"href":"https:\/\/www.sigeurope.fr\/en\/wp-json\/wp\/v2\/posts\/4383\/revisions\/4397"}],"wp:featuredmedia":[{"embeddable":true,"href":"https:\/\/www.sigeurope.fr\/en\/wp-json\/wp\/v2\/media\/4388"}],"wp:attachment":[{"href":"https:\/\/www.sigeurope.fr\/en\/wp-json\/wp\/v2\/media?parent=4383"}],"wp:term":[{"taxonomy":"category","embeddable":true,"href":"https:\/\/www.sigeurope.fr\/en\/wp-json\/wp\/v2\/categories?post=4383"},{"taxonomy":"post_tag","embeddable":true,"href":"https:\/\/www.sigeurope.fr\/en\/wp-json\/wp\/v2\/tags?post=4383"}],"curies":[{"name":"wp","href":"https:\/\/api.w.org\/{rel}","templated":true}]}}